{"id":11504,"date":"2025-11-20T14:18:28","date_gmt":"2025-11-20T13:18:28","guid":{"rendered":"https:\/\/www.power-e-bike.fr\/blog\/?p=11504"},"modified":"2025-11-20T14:18:28","modified_gmt":"2025-11-20T13:18:28","slug":"velo-electrique-quel-est-donc-ce-concept","status":"publish","type":"post","link":"https:\/\/www.power-e-bike.fr\/blog\/velo-electrique-quel-est-donc-ce-concept\/","title":{"rendered":"V\u00e9lo \u00e9lectrique\u2026 Quel est donc ce concept"},"content":{"rendered":"<p>Vous souhaitez en savoir davantage sur le concept du <strong>v\u00e9lo \u00e9lectrique<\/strong>\u00a0? Nous r\u00e9pondons ici \u00e0 toutes vos interrogations\u00a0!<\/p>\n<h2>\u00a0Qu\u2019est-ce qu\u2019un v\u00e9lo \u00e9lectrique ou un V.A.E\u00a0?<\/h2>\n<p>&nbsp;<\/p>\n<p>Commercialis\u00e9 en France depuis 1995, le <strong>V\u00e9lo \u00e0 Assistance Electrique<\/strong> (V.A.E) est une bicyclette munie d\u2019un <a href=\"https:\/\/www.power-e-bike.fr\/fr\/kit-de-conversion-velo-electrique\">moteur \u00e9lectrique<\/a> qui est situ\u00e9 soit au niveau du p\u00e9dalier soit sur l&rsquo;une des roues. Le V.A.E est \u00e9galement aliment\u00e9 par une <a href=\"https:\/\/www.power-e-bike.fr\/fr\/batterie-velo-electrique\">batterie<\/a> permettant d&rsquo;assister l&rsquo;utilisateur quand il p\u00e9dale.<\/p>\n<p>Le nom exact est <strong>V.A.E\u00a0: V\u00e9lo \u00e0 Assistance Electrique<\/strong>\u00a0: son <strong>moteur<\/strong> ne se met en marche qu\u2019en p\u00e9dalant et il s\u2019arr\u00eate quand son utilisateur arr\u00eate de p\u00e9daler ou quand il atteint une vitesse de 25km\/h.<\/p>\n<p>Ayant pour objectif de fournir un compl\u00e9ment au p\u00e9dalage, le <strong>V.A.E\u00a0<\/strong>est donc obligatoirement constitu\u00e9 de\u00a0:<\/p>\n<p><strong>\u00a0<\/strong><\/p>\n<ul>\n<li><a href=\"https:\/\/www.power-e-bike.fr\/fr\/batterie-velo-electrique\">Batterie<\/a> : r\u00e9serve d&rsquo;\u00e9nergie qui permet d\u2019assister l\u2019utilisateur lorsqu\u2019il p\u00e9dale. La batterie garantit une autonomie tr\u00e8s importante et son chargeur est fourni pour l&rsquo;alimenter sur le secteur<\/li>\n<li><a href=\"https:\/\/www.power-e-bike.fr\/fr\/kit-de-conversion-velo-electrique\">Moteur \u00e9lectrique\u00a0<\/a>: qui peut \u00eatre plac\u00e9 dans la roue avant, la roue arri\u00e8re ou au niveau du p\u00e9dalier, il peut \u00eatre quelquefois d\u00e9port\u00e9 par courroie<\/li>\n<li><a href=\"https:\/\/www.power-e-bike.fr\/fr\/wholesale\/capteur-de-pedalage.html\">Capteur de p\u00e9dalage\u00a0<\/a>: pour d\u00e9tecter la rotation du p\u00e9dalier<\/li>\n<li><a href=\"https:\/\/www.power-e-bike.fr\/fr\/fins-de-serie\/controleur-brushless-infineon-velo-electrique.html\">Contr\u00f4leur\u00a0<\/a>: accessoire qui se base sur les informations envoy\u00e9es par le capteur de p\u00e9dalage pour envoyer le courant de la batterie au moteur. Ce contr\u00f4leur est int\u00e9gr\u00e9 dans le bloc de la batterie et il permet de r\u00e9guler les diff\u00e9rents composants<\/li>\n<li><strong>Indicateur, \u00e9cran lcd ou ordinateur de bord<\/strong> : permettant de superviser l&rsquo;\u00e9nergie restante dans la batterie<\/li>\n<\/ul>\n<p>Il faut savoir que votre <strong>V\u00e9lo \u00e0 Assistance Electrique<\/strong> ne n\u00e9cessite ni carte grise ni assurance. D&rsquo;ailleurs, m\u00eame le port du casque n&rsquo;est pas obligatoire mais il est fortement conseill\u00e9.<\/p>\n<h2>Par quoi se distingue le v\u00e9lo \u00e9lectrique du v\u00e9lo ordinaire\u00a0?<\/h2>\n<p>&nbsp;<\/p>\n<p>Contrairement aux <strong>v\u00e9los<\/strong> personnels, les <strong>V.A.E<\/strong> facilitent les d\u00e9marrages, les trajets face au vent et les ascensions. En effet, <strong>l\u2019assistance \u00e9lectrique<\/strong> garantit un agr\u00e9ment de conduite et offre \u00e0 l\u2019utilisateur l\u2019impression de rouler sur une route plate ce qui n\u2019est pas le cas d\u2019un v\u00e9lo normal.<\/p>\n<p>Par ailleurs, l\u2019assistance \u00e9lectrique remplace tous les efforts effectu\u00e9s par l\u2019utilisateur d\u2019un v\u00e9lo ordinaire ce qui fait que la conduite d\u2019un V.A.E est loin d\u2019\u00eatre fatigante. De plus, une <strong>batterie<\/strong> charg\u00e9e garantit une <strong>autonomie allant de 20 \u00e0 70 km<\/strong> et ce en fonction des v\u00e9los et des trajets \u00e0 effectuer.<\/p>\n<p>Power E-Bike, vous propose diff\u00e9rents <strong>kits de conversion de v\u00e9lo<\/strong> et vous garantit un excellent rapport de <strong>qualit\u00e9\/prix<\/strong>.<\/p>","protected":false},"excerpt":{"rendered":"<p>Vous souhaitez en savoir davantage sur le concept du v\u00e9lo \u00e9lectrique\u00a0? Nous r\u00e9pondons ici \u00e0 toutes vos interrogations\u00a0! \u00a0Qu\u2019est-ce qu\u2019un v\u00e9lo \u00e9lectrique ou un V.A.E\u00a0? &nbsp; Commercialis\u00e9 en France depuis 1995, le V\u00e9lo \u00e0 Assistance Electrique (V.A.E) est une bicyclette munie d\u2019un moteur \u00e9lectrique qui\u2026<\/p>","protected":false},"author":1,"featured_media":1555,"comment_status":"open","ping_status":"closed","sticky":false,"template":"","format":"standard","meta":{"footnotes":""},"categories":[2],"tags":[12,39],"class_list":["post-11504","post","type-post","status-publish","format-standard","has-post-thumbnail","hentry","category-experience-utilisateurs","tag-concept-dun-velo-electrique","tag-velo-electrique"],"_links":{"self":[{"href":"https:\/\/www.power-e-bike.fr\/blog\/wp-json\/wp\/v2\/posts\/11504","targetHints":{"allow":["GET"]}}],"collection":[{"href":"https:\/\/www.power-e-bike.fr\/blog\/wp-json\/wp\/v2\/posts"}],"about":[{"href":"https:\/\/www.power-e-bike.fr\/blog\/wp-json\/wp\/v2\/types\/post"}],"author":[{"embeddable":true,"href":"https:\/\/www.power-e-bike.fr\/blog\/wp-json\/wp\/v2\/users\/1"}],"replies":[{"embeddable":true,"href":"https:\/\/www.power-e-bike.fr\/blog\/wp-json\/wp\/v2\/comments?post=11504"}],"version-history":[{"count":1,"href":"https:\/\/www.power-e-bike.fr\/blog\/wp-json\/wp\/v2\/posts\/11504\/revisions"}],"predecessor-version":[{"id":26382,"href":"https:\/\/www.power-e-bike.fr\/blog\/wp-json\/wp\/v2\/posts\/11504\/revisions\/26382"}],"wp:featuredmedia":[{"embeddable":true,"href":"https:\/\/www.power-e-bike.fr\/blog\/wp-json\/wp\/v2\/media\/1555"}],"wp:attachment":[{"href":"https:\/\/www.power-e-bike.fr\/blog\/wp-json\/wp\/v2\/media?parent=11504"}],"wp:term":[{"taxonomy":"category","embeddable":true,"href":"https:\/\/www.power-e-bike.fr\/blog\/wp-json\/wp\/v2\/categories?post=11504"},{"taxonomy":"post_tag","embeddable":true,"href":"https:\/\/www.power-e-bike.fr\/blog\/wp-json\/wp\/v2\/tags?post=11504"}],"curies":[{"name":"wp","href":"https:\/\/api.w.org\/{rel}","templated":true}]}}