{"id":11548,"date":"2025-09-30T04:45:01","date_gmt":"2025-09-30T02:45:01","guid":{"rendered":"https:\/\/www.power-e-bike.fr\/blog\/?p=11548"},"modified":"2025-09-30T04:45:01","modified_gmt":"2025-09-30T02:45:01","slug":"nouveaux-velo-electrique-constructeurs","status":"publish","type":"post","link":"https:\/\/www.power-e-bike.fr\/blog\/nouveaux-velo-electrique-constructeurs\/","title":{"rendered":"De nouveaux v\u00e9los \u00e9lectriques propos\u00e9s par des constructeurs auto"},"content":{"rendered":"<p align=\"justify\">Si l&rsquo;utilisation des <a href=\"https:\/\/www.power-e-bike.fr\/fr\/velo-electrique\"><span style=\"color: #0000ff\"><u>v\u00e9los \u00e9lectriques<\/u><\/span><\/a>, comme moyen de transport urbain, conna\u00eet une \u00e9volution remarquable, pour des raisons \u00e9cologiques mais aussi \u00e9conomiques, le monde des deux-roues repr\u00e9sente, quant \u00e0 lui, un nouveau march\u00e9 \u00e0 fort potentiel pour les constructeurs automobiles, qui s&rsquo;int\u00e9ressent de plus en plus au <a href=\"https:\/\/www.power-e-bike.fr\/blog\/velo-electrique-benefique-pour-la-sante\/\"><span style=\"color: #0000ff\"><u>concept d&rsquo;\u00e9co-mobilit\u00e9<\/u><\/span><\/a>.<\/p>\n<p align=\"justify\">Citro\u00ebn, BMW, Peugeot, Suzuki, Honda,\u2026 Ces constructeurs auto sont bien positionn\u00e9s sur le march\u00e9 des VAE depuis quelques ann\u00e9es. Aujourd\u2019hui, c\u2019est au tour de Ford et de KIA de faire preuve d&rsquo;ing\u00e9niosit\u00e9. Ces derniers s&rsquo;engagent pour une mobilit\u00e9 urbaine plus saine et proposent ainsi des VAE respectueux de l&rsquo;environnement.<\/p>\n<p align=\"justify\"><b>Le nouveau v\u00e9lo \u00e9lectrique de KIA<\/b><\/p>\n<p align=\"justify\">KIA n&rsquo;est pas du tout \u00e0 ses d\u00e9buts dans le domaine des deux-roues. La marque propose, en effet, des v\u00e9los depuis l&rsquo;ann\u00e9e 1944. Cette ann\u00e9e, KIA d\u00e9voile les caract\u00e9ristiques de son nouveau <b>v\u00e9lo \u00e9lectrique<\/b> le K velo EV. C&rsquo;est un VAE capable d\u2019atteindre ais\u00e9ment une vitesse de 25 km\/h. Il p\u00e8se \u00e0 peine 20 kg et est dot\u00e9 d&rsquo;une batterie amovible qui se charge en seulement 4 heures. Aussi, le K velo EV est \u00e9quip\u00e9 d\u2019un <b>moteur \u00e9lectrique<\/b> Bosch, d&rsquo;une puissance de 250 W. Le K velo EV sera pr\u00e9sent\u00e9 en deux mod\u00e8les de diff\u00e9rentes autonomies : 50 kilom\u00e8tres et 70 kilom\u00e8tres.<\/p>\n<p align=\"justify\"><b>Le nouveau v\u00e9lo \u00e9lectrique de Ford<\/b><\/p>\n<p align=\"justify\">Le constructeur am\u00e9ricain, Ford, lance deux <b>v\u00e9los \u00e9lectriques<\/b>, le MoDe:Me et le MoDe:Pro. Le premier est d\u00e9di\u00e9 aux particuliers tandis que le second vise plut\u00f4t\u00a0les professionnels. Les deux v\u00e9los, \u00e9quip\u00e9s d&rsquo;une batterie 9 Ah et d&rsquo;un moteur 200 W, peuvent atteindre une vitesse maximale de 25 km\/h. Les deux mod\u00e8les sont pliables et peuvent se ranger dans le coffre d&rsquo;une voiture, notamment celui d&rsquo;une Ford. Aussi, les deux v\u00e9los sont dot\u00e9s d&rsquo;un capteur ultra-son, permettant d&rsquo;avertir le cycliste en faisant vibrer les poign\u00e9es du guidon, lorsqu&rsquo;un v\u00e9hicule compte doubler.<\/p>\n<p align=\"justify\">Les <b>v\u00e9los \u00e9lectriques<\/b> de KIA et de Ford ne sont pas encore mis en vente, car ils sont encore en phase d&rsquo;exp\u00e9rimentation.<\/p>","protected":false},"excerpt":{"rendered":"<p>Si l&rsquo;utilisation des v\u00e9los \u00e9lectriques, comme moyen de transport urbain, conna\u00eet une \u00e9volution remarquable, pour des raisons \u00e9cologiques mais aussi \u00e9conomiques, le monde des deux-roues repr\u00e9sente, quant \u00e0 lui, un nouveau march\u00e9 \u00e0 fort potentiel pour les constructeurs automobiles, qui s&rsquo;int\u00e9ressent de plus en plus\u2026<\/p>","protected":false},"author":1,"featured_media":11549,"comment_status":"open","ping_status":"closed","sticky":false,"template":"","format":"standard","meta":{"footnotes":""},"categories":[2],"tags":[39,43],"class_list":["post-11548","post","type-post","status-publish","format-standard","has-post-thumbnail","hentry","category-experience-utilisateurs","tag-velo-electrique","tag-velos-electriques"],"_links":{"self":[{"href":"https:\/\/www.power-e-bike.fr\/blog\/wp-json\/wp\/v2\/posts\/11548","targetHints":{"allow":["GET"]}}],"collection":[{"href":"https:\/\/www.power-e-bike.fr\/blog\/wp-json\/wp\/v2\/posts"}],"about":[{"href":"https:\/\/www.power-e-bike.fr\/blog\/wp-json\/wp\/v2\/types\/post"}],"author":[{"embeddable":true,"href":"https:\/\/www.power-e-bike.fr\/blog\/wp-json\/wp\/v2\/users\/1"}],"replies":[{"embeddable":true,"href":"https:\/\/www.power-e-bike.fr\/blog\/wp-json\/wp\/v2\/comments?post=11548"}],"version-history":[{"count":1,"href":"https:\/\/www.power-e-bike.fr\/blog\/wp-json\/wp\/v2\/posts\/11548\/revisions"}],"predecessor-version":[{"id":26420,"href":"https:\/\/www.power-e-bike.fr\/blog\/wp-json\/wp\/v2\/posts\/11548\/revisions\/26420"}],"wp:featuredmedia":[{"embeddable":true,"href":"https:\/\/www.power-e-bike.fr\/blog\/wp-json\/wp\/v2\/media\/11549"}],"wp:attachment":[{"href":"https:\/\/www.power-e-bike.fr\/blog\/wp-json\/wp\/v2\/media?parent=11548"}],"wp:term":[{"taxonomy":"category","embeddable":true,"href":"https:\/\/www.power-e-bike.fr\/blog\/wp-json\/wp\/v2\/categories?post=11548"},{"taxonomy":"post_tag","embeddable":true,"href":"https:\/\/www.power-e-bike.fr\/blog\/wp-json\/wp\/v2\/tags?post=11548"}],"curies":[{"name":"wp","href":"https:\/\/api.w.org\/{rel}","templated":true}]}}