{"id":11577,"date":"2025-10-09T12:37:42","date_gmt":"2025-10-09T10:37:42","guid":{"rendered":"https:\/\/www.power-e-bike.fr\/blog\/?p=11577"},"modified":"2025-10-09T12:37:42","modified_gmt":"2025-10-09T10:37:42","slug":"rouler-velo-electrique-en-toute-securite","status":"publish","type":"post","link":"https:\/\/www.power-e-bike.fr\/blog\/rouler-velo-electrique-en-toute-securite\/","title":{"rendered":"Nos conseils pour rouler \u00e0 v\u00e9lo \u00e9lectrique en toute s\u00e9curit\u00e9"},"content":{"rendered":"<p align=\"justify\"><span style=\"font-family: Arial,serif\">\u00c9conomique, \u00e9cologique, b\u00e9n\u00e9fique pour la sant\u00e9, \u2026 Le <a href=\"https:\/\/www.power-e-bike.fr\/fr\/velo-electrique\"><i>v\u00e9lo \u00e9lectrique<\/i><\/a> offre de nombreux avantages mais demeure un moyen de transport auquel sont li\u00e9s divers risques de la route. <\/span><\/p>\n<p align=\"justify\"><span style=\"font-family: Arial,serif\">Voici quelques conseils pratiques, vous permettant de rouler \u00e0 <\/span><span style=\"font-family: Arial,serif\"><b>VAE<\/b><\/span><span style=\"font-family: Arial,serif\"> en toute s\u00e9curit\u00e9 !<\/span><\/p>\n<p align=\"justify\"><span style=\"font-family: Arial,serif\"><b>La visibilit\u00e9<\/b><\/span><\/p>\n<p align=\"justify\"><span style=\"font-family: Arial,serif\">En conduisant votre <\/span><span style=\"font-family: Arial,serif\"><b>v\u00e9lo \u00e9lectrique<\/b><\/span><span style=\"font-family: Arial,serif\">, veillez \u00e0 ce que vous soyez bien visible sur la route et ce, dans les deux sens de la circulation. M\u00eame si le port du gilet jaune n&rsquo;est pas obligatoire pour les cyclistes, ces derniers doivent de pr\u00e9f\u00e9rence mettre un v\u00eatement clair et r\u00e9fl\u00e9chissant pour \u00eatre mieux visibles notamment durant la nuit et les jours sombres. Aussi, il faut bien choisir l&rsquo;\u00e9clairage du v\u00e9lo, qui doit \u00eatre \u00e9quip\u00e9 d&rsquo;un phare blanc ou jaune \u00e0 l\u2019avant et d&rsquo;un phare rouge \u00e0 l\u2019arri\u00e8re. Un catadioptre blanc \u00e0 l\u2019avant et un autre rouge ou orange \u00e0 l&rsquo;arri\u00e8re sont \u00e9galement tr\u00e8s recommand\u00e9s. Pour que le VAE soit visible \u00e0 360\u00b0, \u00e9quipez les p\u00e9dales et les roues de catadioptres double face, de couleur orange ou jaune. Une bande r\u00e9fl\u00e9chissante de couleur blanche sur les deux c\u00f4t\u00e9s des pneus seront \u00e9galement tr\u00e8s utiles, pour optimiser la visibilit\u00e9 de votre <\/span><span style=\"font-family: Arial,serif\"><b>VAE<\/b><\/span><span style=\"font-family: Arial,serif\">.<\/span><\/p>\n<p align=\"justify\"><span style=\"font-family: Arial,serif\"><b>Le freinage <\/b><\/span><\/p>\n<p align=\"justify\"><span style=\"font-family: Arial,serif\">\u00c9tant puissant et v\u00e9loce compar\u00e9 \u00e0 une bicyclette classique, le <\/span><span style=\"font-family: Arial,serif\"><b>v\u00e9lo \u00e9lectrique<\/b><\/span><span style=\"font-family: Arial,serif\"> expose son conducteur aux risques de la vitesse. L&rsquo;\u00e9quiper donc de deux freins avant et arri\u00e8re s&rsquo;av\u00e8re n\u00e9cessaire pour un souci de s\u00e9curit\u00e9. Il faut choisir des freins robustes, fiables et durables dans le temps. Aussi, le cycliste doit v\u00e9rifier l&rsquo;\u00e9tat des freins avant chaque utilisation de son <\/span><span style=\"font-family: Arial,serif\"><b>VAE<\/b><\/span><span style=\"font-family: Arial,serif\">.<\/span><\/p>\n<p align=\"justify\"><span style=\"font-family: Arial,serif\"><b>L&rsquo;avertissement sonore<\/b><\/span><\/p>\n<p align=\"justify\"><span style=\"font-family: Arial,serif\">Beaucoup plus qu&rsquo;une d\u00e9coration ou un gadget, l&rsquo;avertisseur sonore est un accessoire<\/span><b> <\/b><span style=\"font-family: Arial,serif\">de grande importance pour la s\u00e9curit\u00e9 du cycliste et du v\u00e9lo. La sonnette permet au conducteur de signaler sa pr\u00e9sence aux autres utilisateurs de la route.<\/span><\/p>\n<p align=\"justify\"><span style=\"font-family: Arial,serif\"><b>\u00c9quipements et accessoires facultatifs :<\/b><\/span><\/p>\n<p align=\"justify\"><span style=\"font-family: Arial,serif\">Certains \u00e9quipements et <a href=\"https:\/\/www.power-e-bike.fr\/fr\/accessoires-velo-electrique\">accessoires de VAE<\/a> sont certes optionnels<\/span><b> <\/b><span style=\"font-family: Arial,serif\">mais fortement conseill\u00e9s pour garantir la s\u00e9curit\u00e9 du cycliste.<\/span><\/p>\n<ul>\n<li>\n<p align=\"justify\"><span style=\"font-family: Arial,serif\"><b>Le casque<\/b><\/span><span style=\"font-family: Arial,serif\">, m\u00eame s&rsquo;il n&rsquo;est pas obligatoire en France, cet accessoire permet d&rsquo;\u00e9viter les grands d\u00e9g\u00e2ts en cas d&rsquo;accident routier. <\/span><\/p>\n<\/li>\n<li>\n<p align=\"justify\"><span style=\"font-family: Arial,serif\"><b>Le r\u00e9troviseur<\/b><\/span><span style=\"font-family: Arial,serif\">\u00a0: comme en voiture, il permet au conducteur de jeter un coup d&rsquo;\u0153il vers l&rsquo;arri\u00e8re sans avoir besoin de retourner la t\u00eate. Il est donc important pour la s\u00e9curit\u00e9 routi\u00e8re.<\/span><\/p>\n<\/li>\n<li>\n<p align=\"justify\"><span style=\"font-family: Arial,serif\"><b>L&rsquo;\u00e9carteur de danger<\/b><\/span><span style=\"font-family: Arial,serif\">\u00a0: cet accessoire orange, qui s&rsquo;accroche sur la roue arri\u00e8re, optimise la visibilit\u00e9 et invite les conducteurs de voiture \u00e0 garder leurs distances. <\/span><\/p>\n<\/li>\n<\/ul>","protected":false},"excerpt":{"rendered":"<p>\u00c9conomique, \u00e9cologique, b\u00e9n\u00e9fique pour la sant\u00e9, \u2026 Le v\u00e9lo \u00e9lectrique offre de nombreux avantages mais demeure un moyen de transport auquel sont li\u00e9s divers risques de la route. Voici quelques conseils pratiques, vous permettant de rouler \u00e0 VAE en toute s\u00e9curit\u00e9 ! La visibilit\u00e9 En\u2026<\/p>","protected":false},"author":1,"featured_media":11578,"comment_status":"open","ping_status":"closed","sticky":false,"template":"","format":"standard","meta":{"footnotes":""},"categories":[66,2],"tags":[39],"class_list":["post-11577","post","type-post","status-publish","format-standard","has-post-thumbnail","hentry","category-a-decouvrir","category-experience-utilisateurs","tag-velo-electrique"],"_links":{"self":[{"href":"https:\/\/www.power-e-bike.fr\/blog\/wp-json\/wp\/v2\/posts\/11577","targetHints":{"allow":["GET"]}}],"collection":[{"href":"https:\/\/www.power-e-bike.fr\/blog\/wp-json\/wp\/v2\/posts"}],"about":[{"href":"https:\/\/www.power-e-bike.fr\/blog\/wp-json\/wp\/v2\/types\/post"}],"author":[{"embeddable":true,"href":"https:\/\/www.power-e-bike.fr\/blog\/wp-json\/wp\/v2\/users\/1"}],"replies":[{"embeddable":true,"href":"https:\/\/www.power-e-bike.fr\/blog\/wp-json\/wp\/v2\/comments?post=11577"}],"version-history":[{"count":1,"href":"https:\/\/www.power-e-bike.fr\/blog\/wp-json\/wp\/v2\/posts\/11577\/revisions"}],"predecessor-version":[{"id":26363,"href":"https:\/\/www.power-e-bike.fr\/blog\/wp-json\/wp\/v2\/posts\/11577\/revisions\/26363"}],"wp:featuredmedia":[{"embeddable":true,"href":"https:\/\/www.power-e-bike.fr\/blog\/wp-json\/wp\/v2\/media\/11578"}],"wp:attachment":[{"href":"https:\/\/www.power-e-bike.fr\/blog\/wp-json\/wp\/v2\/media?parent=11577"}],"wp:term":[{"taxonomy":"category","embeddable":true,"href":"https:\/\/www.power-e-bike.fr\/blog\/wp-json\/wp\/v2\/categories?post=11577"},{"taxonomy":"post_tag","embeddable":true,"href":"https:\/\/www.power-e-bike.fr\/blog\/wp-json\/wp\/v2\/tags?post=11577"}],"curies":[{"name":"wp","href":"https:\/\/api.w.org\/{rel}","templated":true}]}}