{"id":11609,"date":"2025-11-25T17:39:25","date_gmt":"2025-11-25T16:39:25","guid":{"rendered":"https:\/\/www.power-e-bike.fr\/blog\/?p=11609"},"modified":"2025-11-25T17:39:25","modified_gmt":"2025-11-25T16:39:25","slug":"moteur-velo-electrique-moyeu-ou-pedalier-que-choisir","status":"publish","type":"post","link":"https:\/\/www.power-e-bike.fr\/blog\/moteur-velo-electrique-moyeu-ou-pedalier-que-choisir\/","title":{"rendered":"Moteur v\u00e9lo \u00e9lectrique, moyeu ou p\u00e9dalier, que choisir ?"},"content":{"rendered":"<p align=\"justify\"><span style=\"font-family: Arial,serif\">Le <\/span><span style=\"font-family: Arial,serif\"><b><a href=\"https:\/\/www.power-e-bike.fr\/fr\/accessoires-velo-electrique\/moteur-electrique-pour-velo-rh205c-type-s-nine-continent.html\" target=\"_blank\" rel=\"noopener noreferrer\">moteur d\u2019un v\u00e9lo \u00e9lectrique<\/a><\/b><\/span><span style=\"font-family: Arial,serif\"> peut \u00eatre install\u00e9 sur le centre de la roue avant ou arri\u00e8re (le moyeu) ou bien entre les p\u00e9dales. L&#8217;emplacement du <\/span><span style=\"font-family: Arial,serif\"><b>moteur <\/b><\/span><span style=\"font-family: Arial,serif\">d\u00e9termine en partie le niveau des performances du v\u00e9lo.<\/span><\/p>\n<p align=\"justify\"><span style=\"font-family: Arial,serif\"><b>Le moteur v\u00e9lo \u00e9lectrique moyeu roue avant<\/b><\/span><\/p>\n<p align=\"justify\"><span style=\"font-family: Arial,serif\">Les moteurs moyeux avant sont les plus utilis\u00e9s par les <a href=\"https:\/\/www.power-e-bike.fr\/fr\/kit-de-conversion-velo-electrique\">kits de conversion<\/a>. Ils sont g\u00e9n\u00e9ralement les moins chers mais aussi les plus simples \u00e0 installer. Toutefois, le montage de ce type de moteur doit se faire sur une fourche rigide car celle suspendue peut ne pas \u00eatre assez solide pour supporter la traction avant. Par souci d&rsquo;\u00e9quilibre, un VAE \u00e9quip\u00e9 d&rsquo;un <\/span><span style=\"font-family: Arial,serif\"><b>moteur \u00e9lectrique<\/b><\/span><span style=\"font-family: Arial,serif\"> sur la roue avant doit \u00eatre utilis\u00e9, de pr\u00e9f\u00e9rence, sur des terrains plats et des parcours simples. <\/span><\/p>\n<p align=\"justify\"><span style=\"font-family: Arial,serif\"><b><a href=\"https:\/\/www.power-e-bike.fr\/fr\/kit-de-conversion-velo-electrique\">Moteur v\u00e9lo \u00e9lectrique moyeu roue arri\u00e8re <\/a><\/b><\/span><\/p>\n<p align=\"justify\"><span style=\"font-family: Arial,serif\">L&rsquo;installation du moteur moyeu arri\u00e8re est plus complexe car elle impose un r\u00e9glage du d\u00e9railleur afin d&rsquo;\u00e9viter le risque de d\u00e9rapage de la roue. Aussi, ce type de moteur rend plus difficile la possibilit\u00e9 d\u2019enlever la roue arri\u00e8re en cas de crevaison, puisqu\u2019il faut retirer les fils reliant le <\/span><span style=\"font-family: Arial,serif\"><b>moteur<\/b><\/span><span style=\"font-family: Arial,serif\"> \u00e0 la <\/span><span style=\"font-family: Arial,serif\"><b><a href=\"https:\/\/www.power-e-bike.fr\/fr\/info\/Batterie.html\" target=\"_blank\" rel=\"noopener noreferrer\">batterie<\/a><\/b><\/span><span style=\"font-family: Arial,serif\">. Toutefois, les moteurs moyeux arri\u00e8re sont les mieux adapt\u00e9s aux d\u00e9placements urbains. Ils offrent une certaine rapidit\u00e9 de d\u00e9marrage, n\u00e9cessaire pour sortir des carrefours, ronds points et feux rouges.<\/span><\/p>\n<p align=\"justify\"><span style=\"font-family: Arial,serif\"><b>Moteur v\u00e9lo \u00e9lectrique p\u00e9dalier <\/b><\/span><\/p>\n<p align=\"justify\"><span style=\"font-family: Arial,serif\">Les moteurs p\u00e9daliers sont les plus performants et certes les plus on\u00e9reux. Ils offrent un meilleur rendement ainsi qu&rsquo;une bonne v\u00e9locit\u00e9 au v\u00e9lo, qui vous permettra de traverser les pentes et d&rsquo;affronter le vent de face avec aisance. Install\u00e9 entre les deux p\u00e9dales, ce type de moteur agit directement sur la cha\u00eene, sans encombrer les roues, garantissant ainsi un meilleur \u00e9quilibre des poids. Aussi, gr\u00e2ce \u00e0 leur position, les moteurs p\u00e9daliers, sont mieux prot\u00e9g\u00e9s contre les chocs. Aujourd&rsquo;hui, les <a href=\"https:\/\/www.power-e-bike.fr\/blog\/kit-moteur-pedalier-pour-velo-electrique\/\">kits moteurs p\u00e9daliers pour VAE<\/a> sont de plus en plus faciles \u00e0 installer.<\/span><\/p>","protected":false},"excerpt":{"rendered":"<p>Le moteur d\u2019un v\u00e9lo \u00e9lectrique peut \u00eatre install\u00e9 sur le centre de la roue avant ou arri\u00e8re (le moyeu) ou bien entre les p\u00e9dales. L&#8217;emplacement du moteur d\u00e9termine en partie le niveau des performances du v\u00e9lo. Le moteur v\u00e9lo \u00e9lectrique moyeu roue avant Les moteurs\u2026<\/p>","protected":false},"author":1,"featured_media":11610,"comment_status":"open","ping_status":"closed","sticky":false,"template":"","format":"standard","meta":{"footnotes":""},"categories":[66,2],"tags":[34,39],"class_list":["post-11609","post","type-post","status-publish","format-standard","has-post-thumbnail","hentry","category-a-decouvrir","category-experience-utilisateurs","tag-moteur-velo-electrique","tag-velo-electrique"],"_links":{"self":[{"href":"https:\/\/www.power-e-bike.fr\/blog\/wp-json\/wp\/v2\/posts\/11609","targetHints":{"allow":["GET"]}}],"collection":[{"href":"https:\/\/www.power-e-bike.fr\/blog\/wp-json\/wp\/v2\/posts"}],"about":[{"href":"https:\/\/www.power-e-bike.fr\/blog\/wp-json\/wp\/v2\/types\/post"}],"author":[{"embeddable":true,"href":"https:\/\/www.power-e-bike.fr\/blog\/wp-json\/wp\/v2\/users\/1"}],"replies":[{"embeddable":true,"href":"https:\/\/www.power-e-bike.fr\/blog\/wp-json\/wp\/v2\/comments?post=11609"}],"version-history":[{"count":1,"href":"https:\/\/www.power-e-bike.fr\/blog\/wp-json\/wp\/v2\/posts\/11609\/revisions"}],"predecessor-version":[{"id":26358,"href":"https:\/\/www.power-e-bike.fr\/blog\/wp-json\/wp\/v2\/posts\/11609\/revisions\/26358"}],"wp:featuredmedia":[{"embeddable":true,"href":"https:\/\/www.power-e-bike.fr\/blog\/wp-json\/wp\/v2\/media\/11610"}],"wp:attachment":[{"href":"https:\/\/www.power-e-bike.fr\/blog\/wp-json\/wp\/v2\/media?parent=11609"}],"wp:term":[{"taxonomy":"category","embeddable":true,"href":"https:\/\/www.power-e-bike.fr\/blog\/wp-json\/wp\/v2\/categories?post=11609"},{"taxonomy":"post_tag","embeddable":true,"href":"https:\/\/www.power-e-bike.fr\/blog\/wp-json\/wp\/v2\/tags?post=11609"}],"curies":[{"name":"wp","href":"https:\/\/api.w.org\/{rel}","templated":true}]}}