{"id":1422,"date":"2025-09-06T06:44:45","date_gmt":"2025-09-06T04:44:45","guid":{"rendered":"https:\/\/www.power-e-bike.fr\/blog\/?p=1422"},"modified":"2025-09-06T06:44:45","modified_gmt":"2025-09-06T04:44:45","slug":"resultat-du-concours-facebook","status":"publish","type":"post","link":"https:\/\/www.power-e-bike.fr\/blog\/resultat-du-concours-facebook\/","title":{"rendered":"R\u00e9sultat du concours Facebook"},"content":{"rendered":"<table style=\"width: 616px;height: 318px\" border=\"0\">\n<tbody>\n<tr>\n<td style=\"padding: 0.5em 1em;color: #ffffff;font-size: 12px;font-weight: bold;background-color: #00aeef\">&gt; <span style=\"font-size: 12pt\"> Bonjour \u00e0 toutes et \u00e0 tous !<br \/>\n<\/span><\/td>\n<\/tr>\n<tr>\n<td>\n<address>\u00a0<\/address>\n<address><span style=\"font-size: 12pt\">Comme chaque ann\u00e9e, nous avons organis\u00e9 notre concours facebook <\/span><\/address>\n<address><span style=\"font-size: 12pt\">\u00a0\u00bb Vos plus beaux montages V.A.E \u00ab\u00a0. <\/span><\/address>\n<address><span style=\"font-size: 12pt\"><br \/>\n<\/span><\/address>\n<address><span style=\"font-size: 12pt\">Vous avez \u00e9t\u00e9 une dizaine \u00e0 participer, c&rsquo;est autant de beaux v\u00e9los assembl\u00e9s gr\u00e2ce aux kits power e-bike. <\/span><\/address>\n<address><span style=\"font-size: 12pt\"><br \/>\n<\/span><\/address>\n<\/td>\n<\/tr>\n<\/tbody>\n<\/table>\n<p><!--more--><\/p>\n<p><span style=\"font-size: 12pt\">Voici les votes effectu\u00e9s sur chaque photo :<\/span>\u00a0\u00a0<span style=\"font-size: 12pt\">PRENOM VOTES <\/span><span style=\"font-size: 12pt\">Francois 4 <\/span><span style=\"font-size: 12pt\">St\u00e9phane 4 <\/span><span style=\"font-size: 12pt\">ludovic 3 <\/span><span style=\"font-size: 12pt\">Fred 2 <\/span><span style=\"font-size: 12pt\">Matthieu 2 <\/span><span style=\"font-size: 12pt\">Mickael 2 <\/span><span style=\"font-size: 12pt\">Djaya 1 <\/span><span style=\"font-size: 12pt\">Emilie 0 <\/span><span style=\"font-size: 12pt\">Fabien 0 <\/span><span style=\"font-size: 12pt\">Serge 0 <\/span><\/p>\n<table style=\"width: 620px\" border=\"0\" cellspacing=\"0\" cellpadding=\"0\">\n<tbody>\n<tr style=\"font-weight: bold\">\n<td align=\"left\">\n<address><span style=\"font-size: 12pt\">Voici le montage qui a remport\u00e9 le concours : <\/span><\/address>\n gagnant concours 2014 power e-bike un kit pour v\u00e9lo \u00e9lectrique gratuit nine continent RH112\n<p><a href=\"https:\/\/www.power-e-bike.fr\/blog\/wp-content\/uploads\/2014\/11\/117-2-2.jpg\"><img loading=\"lazy\" decoding=\"async\" class=\"alignnone size-medium wp-image-1569\" src=\"https:\/\/www.power-e-bike.fr\/blog\/wp-content\/webp-express\/webp-images\/uploads\/2014\/11\/117-2-300x225.jpg.webp\" alt=\"117\" width=\"300\" height=\"225\" title=\"\" srcset=\"https:\/\/www.power-e-bike.fr\/blog\/wp-content\/webp-express\/webp-images\/uploads\/2014\/11\/117-2-300x225.jpg.webp 300w, https:\/\/www.power-e-bike.fr\/blog\/wp-content\/webp-express\/webp-images\/uploads\/2014\/11\/117-2-768x576.jpg.webp 768w, https:\/\/www.power-e-bike.fr\/blog\/wp-content\/webp-express\/webp-images\/uploads\/2014\/11\/117-2-100x75.jpg.webp 100w, https:\/\/www.power-e-bike.fr\/blog\/wp-content\/webp-express\/webp-images\/uploads\/2014\/11\/117-2-480x360.jpg.webp 480w, https:\/\/www.power-e-bike.fr\/blog\/wp-content\/webp-express\/webp-images\/uploads\/2014\/11\/117-2.jpg.webp 800w\" sizes=\"auto, (max-width:767px) 300px, 300px\" \/><\/a><\/p>\n<address><span style=\"font-size: 12pt\"><span style=\"font-size: 12pt\"><br \/>\nF\u00e9licitations \u00e0 lui !!!!!!<br \/>\nNous lui enverrons son lot prochainement.<\/span><\/span>\u00a0<\/address>\n<\/td>\n<\/tr>\n<tr style=\"font-weight: bold\">\n<td>\n<address><strong>\u00a0Nous remercions chaleureusement les\u00a0 participants <\/strong><strong>et quel que soit le r\u00e9sultat de ce concours, sachez que nous avons la plus grande estime pour chaque montage de VAE et pour chaque concepteur !<br \/>\n<\/strong><\/address>\n<address><span style=\"font-size: 12pt\"><br \/>\n<\/span><\/address>\n<\/td>\n<\/tr>\n<tr style=\"font-weight: bold\">\n<td style=\"text-align: center\" align=\"left\">\n<table border=\"0\">\n<tbody>\n<tr style=\"font-weight: bold\">\n<td align=\"left\">\n<address><strong>Pour les remercier, nous leurs accordons\u00a0 <\/strong><\/address>\n<p><strong>une remise de <\/strong><strong><span style=\"color: #00aeef\">&#8211; 20 %\u00a0<\/span><\/strong><strong> \u00e0 valoir sur leur prochaine commande <\/strong><strong><span style=\"font-size: 13.5pt;color: #00b0f0\">d&rsquo;accessoires <\/span><\/strong><strong><span style=\"font-size: 13.5pt;color: #00aeef\">!<\/span><\/strong><\/td>\n<\/tr>\n<tr style=\"font-weight: bold\">\n<td><\/td>\n<\/tr>\n<tr style=\"font-weight: bold\">\n<td align=\"left\"><\/td>\n<\/tr>\n<\/tbody>\n<\/table>\n<p>&gt;<\/p>\n<p>&gt; <strong><span style=\"color: #000000;font-family: Arial,Verdana,Helvetica,sans-serif;font-size: 13px;font-style: normal;font-variant: normal;letter-spacing: normal;line-height: normal;text-indent: 0px;text-transform: none;white-space: normal;background-color: #ffffff\">Merci de votre confiance et \u00e0 tr\u00e8s bient\u00f4t sur power-e-bike.fr<\/span><\/strong><\/p>\n<address><span style=\"font-size: 12pt;color: #3366ff\"><br \/>\n<\/span><\/address>\n<\/td>\n<td style=\"text-align: left\" colspan=\"8\"><\/td>\n<\/tr>\n<\/tbody>\n<\/table>\n<p>&nbsp;<\/p>","protected":false},"excerpt":{"rendered":"<p>&gt; Bonjour \u00e0 toutes et \u00e0 tous ! \u00a0Comme chaque ann\u00e9e, nous avons organis\u00e9 notre concours facebook \u00a0\u00bb Vos plus beaux montages V.A.E \u00ab\u00a0. Vous avez \u00e9t\u00e9 une dizaine \u00e0 participer, c&rsquo;est autant de beaux v\u00e9los assembl\u00e9s gr\u00e2ce aux kits power e-bike. Voici les votes\u2026<\/p>","protected":false},"author":1,"featured_media":1569,"comment_status":"open","ping_status":"closed","sticky":false,"template":"","format":"standard","meta":{"footnotes":""},"categories":[4],"tags":[26,39],"class_list":["post-1422","post","type-post","status-publish","format-standard","has-post-thumbnail","hentry","category-promotions","tag-kit-electrique-gratuit","tag-velo-electrique"],"_links":{"self":[{"href":"https:\/\/www.power-e-bike.fr\/blog\/wp-json\/wp\/v2\/posts\/1422","targetHints":{"allow":["GET"]}}],"collection":[{"href":"https:\/\/www.power-e-bike.fr\/blog\/wp-json\/wp\/v2\/posts"}],"about":[{"href":"https:\/\/www.power-e-bike.fr\/blog\/wp-json\/wp\/v2\/types\/post"}],"author":[{"embeddable":true,"href":"https:\/\/www.power-e-bike.fr\/blog\/wp-json\/wp\/v2\/users\/1"}],"replies":[{"embeddable":true,"href":"https:\/\/www.power-e-bike.fr\/blog\/wp-json\/wp\/v2\/comments?post=1422"}],"version-history":[{"count":1,"href":"https:\/\/www.power-e-bike.fr\/blog\/wp-json\/wp\/v2\/posts\/1422\/revisions"}],"predecessor-version":[{"id":26432,"href":"https:\/\/www.power-e-bike.fr\/blog\/wp-json\/wp\/v2\/posts\/1422\/revisions\/26432"}],"wp:featuredmedia":[{"embeddable":true,"href":"https:\/\/www.power-e-bike.fr\/blog\/wp-json\/wp\/v2\/media\/1569"}],"wp:attachment":[{"href":"https:\/\/www.power-e-bike.fr\/blog\/wp-json\/wp\/v2\/media?parent=1422"}],"wp:term":[{"taxonomy":"category","embeddable":true,"href":"https:\/\/www.power-e-bike.fr\/blog\/wp-json\/wp\/v2\/categories?post=1422"},{"taxonomy":"post_tag","embeddable":true,"href":"https:\/\/www.power-e-bike.fr\/blog\/wp-json\/wp\/v2\/tags?post=1422"}],"curies":[{"name":"wp","href":"https:\/\/api.w.org\/{rel}","templated":true}]}}