{"id":25865,"date":"2025-09-29T07:44:01","date_gmt":"2025-09-29T05:44:01","guid":{"rendered":"https:\/\/www.power-e-bike.fr\/blog\/?p=25865"},"modified":"2025-09-29T07:44:01","modified_gmt":"2025-09-29T05:44:01","slug":"les-meilleurs-velos-electriques-du-moment","status":"publish","type":"post","link":"https:\/\/www.power-e-bike.fr\/blog\/les-meilleurs-velos-electriques-du-moment\/","title":{"rendered":"Les meilleurs v\u00e9los \u00e9lectriques du moment"},"content":{"rendered":"<div class=\"logo-gutter ng-tns-c2330390921-14 ng-star-inserted\">\n<div class=\"resize-observable\">\u00a0<\/div>\n<\/div>\n<div class=\"response-container-content ng-tns-c2330390921-14\">\n<div class=\"response-content ng-trigger ng-trigger-responsePopulation ng-tns-c2330390921-14 ng-animate-disabled\">\n<div class=\"markdown markdown-main-panel\" dir=\"ltr\">\n<p data-sourcepos=\"1:1-1:45\"><strong>Les meilleurs v\u00e9los \u00e9lectriques du moment<\/strong><\/p>\n<p data-sourcepos=\"3:1-3:384\">Les v\u00e9los \u00e9lectriques sont de plus en plus populaires, et pour cause. Ils offrent une fa\u00e7on pratique et \u00e9cologique de se d\u00e9placer, tout en vous permettant de faire de l&rsquo;exercice. Si vous cherchez \u00e0 acheter un v\u00e9lo \u00e9lectrique, il peut \u00eatre difficile de savoir par o\u00f9 commencer. Il existe de nombreux mod\u00e8les diff\u00e9rents sur le march\u00e9, chacun avec ses propres avantages et inconv\u00e9nients.<\/p>\n<p data-sourcepos=\"5:1-5:188\">Dans cet article, nous allons vous pr\u00e9senter les meilleurs v\u00e9los \u00e9lectriques du moment. Nous avons pris en compte des facteurs tels que le prix, les performances, la commodit\u00e9 et le style.<\/p>\n<p data-sourcepos=\"7:1-8:45\"><strong>1. Decathlon LD 920 E<\/strong><\/p>\n<div class=\"attachment-container search-images\">\n<div class=\"image-container hide-from-message-actions ng-star-inserted\">\n<div class=\"overlay-container ng-star-inserted\"><a class=\"image-source-link ng-star-inserted\" href=\"https:\/\/www.cleanrider.com\/catalogue\/velo-electrique\/decathlon\/decathlon-ld-920e\/\" target=\"_blank\" rel=\"noopener noreferrer\" aria-live=\"polite\"><span class=\"ng-star-inserted\" data-test-id=\"content\"><img decoding=\"async\" class=\"image\" src=\"https:\/\/www.power-e-bike.fr\/blog\/wp-content\/webp-express\/webp-images\/uploads\/2025\/12\/imagesqtbnANd9GcSnMJBunPlGRaL5r-4yJrkn0Q_I2YvLhB9h1wfMoDPbRA3ZoQD6S5LEkSxRoaU.jpg.webp\" alt=\"Image de Decathlon LD 920 E v\u00e9lo \u00e9lectrique\" title=\"\"><\/span><\/a><a class=\"source ng-star-inserted\" href=\"https:\/\/www.cleanrider.com\/catalogue\/velo-electrique\/decathlon\/decathlon-ld-920e\/\" target=\"_blank\" rel=\"noopener noreferrer\"><img decoding=\"async\" class=\"favicon ng-star-inserted\" src=\"https:\/\/www.power-e-bike.fr\/blog\/wp-content\/webp-express\/webp-images\/uploads\/2025\/12\/favicon-tbnqtbnANd9GcRBpL2jTp7o7ggGlaKEY1JNU0hD4zUpCFbb46R1tagLmn_ZYHlLuXd88-Y4DrY3hwWYN6NVbljNwPmEpcPwWLV2mnXc1Z-uJRxIbx47.png.webp\" alt=\"\" title=\"\"><span class=\"label ellipsis gmat-caption\">www.cleanrider.com<\/span><\/a><\/div>\n<div class=\"caption ellipsis gmat-caption ng-star-inserted\" aria-hidden=\"true\">Decathlon LD 920 E v\u00e9lo \u00e9lectrique<\/div>\n<\/div>\n<\/div>\n<p data-sourcepos=\"10:1-10:343\">Le Decathlon LD 920 E est un excellent choix pour les cyclistes urbains. Il est confortable, abordable et facile \u00e0 utiliser. Le moteur Bosch Performance Line offre une assistance puissante, ce qui vous permet de vous d\u00e9placer facilement dans la circulation. La batterie Bosch PowerTube 500 Wh offre une autonomie allant jusqu&rsquo;\u00e0 150 kilom\u00e8tres.<\/p>\n<p data-sourcepos=\"12:1-13:33\"><strong>2. Iweech<\/strong><\/p>\n<div class=\"attachment-container search-images\">\n<div class=\"image-container hide-from-message-actions ng-star-inserted\">\n<div class=\"overlay-container ng-star-inserted\"><a class=\"image-source-link ng-star-inserted\" href=\"https:\/\/www.pastel-cycles.com\/products\/iweech-c-iweech-24-s\" target=\"_blank\" rel=\"noopener noreferrer\" aria-live=\"polite\"><span class=\"ng-star-inserted\" data-test-id=\"content\"><img decoding=\"async\" class=\"image\" src=\"https:\/\/www.power-e-bike.fr\/blog\/wp-content\/webp-express\/webp-images\/uploads\/2025\/12\/imagesqtbnANd9GcQvzg4QRn9nD2i5JlBYTHCzd3WzeUjwDZnONFS8oGXrkFJFz2CUk1IPRhHJoWzi.jpg.webp\" alt=\"Image de Iweech v\u00e9lo \u00e9lectrique\" title=\"\"><\/span><\/a><a class=\"source ng-star-inserted\" href=\"https:\/\/www.pastel-cycles.com\/products\/iweech-c-iweech-24-s\" target=\"_blank\" rel=\"noopener noreferrer\"><img decoding=\"async\" class=\"favicon ng-star-inserted\" src=\"https:\/\/www.power-e-bike.fr\/blog\/wp-content\/webp-express\/webp-images\/uploads\/2025\/12\/favicon-tbnqtbnANd9GcTrn1v3kC9MAWuSz82Md1LxGm3RtWSXHE40rAZfMCTPvCbnZLFIXynl1TG6Iuxj-MED0QwJif44REU-uVlalz78UN0k-Pg2c9c7C33_XjaT.png.webp\" alt=\"\" title=\"\"><span class=\"label ellipsis gmat-caption\">www.pastel-cycles.com<\/span><\/a><\/div>\n<div class=\"caption ellipsis gmat-caption ng-star-inserted\" aria-hidden=\"true\">Iweech v\u00e9lo \u00e9lectrique<\/div>\n<\/div>\n<\/div>\n<p data-sourcepos=\"15:1-15:284\">L&rsquo;Iweech est un v\u00e9lo \u00e9lectrique unique qui offre une exp\u00e9rience de conduite sans effort. Il est \u00e9quip\u00e9 d&rsquo;un moteur \u00e9lectrique int\u00e9gr\u00e9 dans la roue avant, ce qui permet une conduite fluide et silencieuse. La batterie amovible de 450 Wh offre une autonomie allant jusqu&rsquo;\u00e0 70 kilom\u00e8tres.<\/p>\n<p data-sourcepos=\"17:1-18:44\"><strong>3. Voltaire Legendre<\/strong><\/p>\n<div class=\"attachment-container search-images\">\n<div class=\"image-container hide-from-message-actions ng-star-inserted\">\n<div class=\"overlay-container ng-star-inserted\"><a class=\"image-source-link ng-star-inserted\" href=\"https:\/\/voltaire.bike\/pages\/legendre\" target=\"_blank\" rel=\"noopener noreferrer\" aria-live=\"polite\"><span class=\"ng-star-inserted\" data-test-id=\"content\"><img decoding=\"async\" class=\"image\" src=\"https:\/\/encrypted-tbn2.gstatic.com\/images?q=tbn:ANd9GcQgJSt8zX4E6Hk9dNrnF-_d9eTceHF3qSPv7ETbKZ4o35JcIWYTMolp_ca1oI0r\" alt=\"Image de Voltaire Legendre v\u00e9lo \u00e9lectrique\" title=\"\"><\/span><\/a><a class=\"source ng-star-inserted\" href=\"https:\/\/voltaire.bike\/pages\/legendre\" target=\"_blank\" rel=\"noopener noreferrer\"><img decoding=\"async\" class=\"favicon ng-star-inserted\" src=\"https:\/\/www.power-e-bike.fr\/blog\/wp-content\/webp-express\/webp-images\/uploads\/2025\/12\/favicon-tbnqtbnANd9GcSZ6ZOYy9NSurN8kaFoZdMooKA9IZFfBHYajv3AzSrwBi_SUpGVL-9e_BDfiFVF_09Ug2bJdPnT37eM2pzbjgNnS_JZTKo99g.png.webp\" alt=\"\" title=\"\"><span class=\"label ellipsis gmat-caption\">voltaire.bike<\/span><\/a><\/div>\n<div class=\"caption ellipsis gmat-caption ng-star-inserted\" aria-hidden=\"true\">Voltaire Legendre v\u00e9lo \u00e9lectrique<\/div>\n<\/div>\n<\/div>\n<p data-sourcepos=\"20:1-20:263\">Le Voltaire Legendre est un v\u00e9lo \u00e9lectrique de ville sportif. Il est \u00e9quip\u00e9 d&rsquo;un moteur Bosch Performance Line CX, qui offre une assistance puissante m\u00eame sur les pentes raides. La batterie Bosch PowerTube 625 Wh offre une autonomie allant jusqu&rsquo;\u00e0 180 kilom\u00e8tres.<\/p>\n<p data-sourcepos=\"22:1-23:47\"><strong>4. Moustache Lundi 27.3<\/strong><\/p>\n<div class=\"attachment-container search-images\">\n<div class=\"image-container hide-from-message-actions ng-star-inserted\">\n<div class=\"overlay-container ng-star-inserted\"><a class=\"image-source-link ng-star-inserted\" href=\"https:\/\/moustachebikes.com\/fr\/velos-electriques\/lundi-27\/lundi-27-1\/\" target=\"_blank\" rel=\"noopener noreferrer\" aria-live=\"polite\"><span class=\"ng-star-inserted\" data-test-id=\"content\"><img decoding=\"async\" class=\"image\" src=\"https:\/\/www.power-e-bike.fr\/blog\/wp-content\/webp-express\/webp-images\/uploads\/2025\/12\/imagesqtbnANd9GcQGb4ch0Ci92OCXJtHZ9PBDhR4qqhD3Ji16sbMhldUY_zsYXnsr2fKJNlhkigRb.jpg.webp\" alt=\"Image de Moustache Lundi 27.3 v\u00e9lo \u00e9lectrique\" title=\"\"><\/span><\/a><a class=\"source ng-star-inserted\" href=\"https:\/\/moustachebikes.com\/fr\/velos-electriques\/lundi-27\/lundi-27-1\/\" target=\"_blank\" rel=\"noopener noreferrer\"><img decoding=\"async\" class=\"favicon ng-star-inserted\" src=\"https:\/\/www.power-e-bike.fr\/blog\/wp-content\/webp-express\/webp-images\/uploads\/2025\/12\/favicon-tbnqtbnANd9GcS68idQ-YbEFGDC_-5zi3Mihvd2O5zjxXkdtSAjZ2l5upceE-rG6mkBiX6Avv-VVm_bRQ3BZsgApifOqpKrYAacmZQurG-SZKNt0Kca.png.webp\" alt=\"\" title=\"\"><span class=\"label ellipsis gmat-caption\">moustachebikes.com<\/span><\/a><\/div>\n<div class=\"caption ellipsis gmat-caption ng-star-inserted\" aria-hidden=\"true\">Moustache Lundi 27.3 v\u00e9lo \u00e9lectrique<\/div>\n<\/div>\n<\/div>\n<p data-sourcepos=\"25:1-25:229\">Le Moustache Lundi 27.3 est un v\u00e9lo \u00e9lectrique de ville haut de gamme. Il est \u00e9quip\u00e9 d&rsquo;un moteur Bosch Performance Line CX et d&rsquo;une batterie Bosch PowerTube 625 Wh. Il est confortable, \u00e9l\u00e9gant et offre une excellente performance.<\/p>\n<p data-sourcepos=\"27:1-28:39\"><strong>5. Tern GSD S10<\/strong><\/p>\n<div class=\"attachment-container search-images\">\n<div class=\"image-container hide-from-message-actions ng-star-inserted\">\n<div class=\"overlay-container ng-star-inserted\"><a class=\"image-source-link ng-star-inserted\" href=\"https:\/\/achatvelos.com\/produit\/velo-cargo-electrique-tern-gsd-s10-lr\/\" target=\"_blank\" rel=\"noopener noreferrer\" aria-live=\"polite\"><span class=\"ng-star-inserted\" data-test-id=\"content\"><img decoding=\"async\" class=\"image\" src=\"https:\/\/www.power-e-bike.fr\/blog\/wp-content\/webp-express\/webp-images\/uploads\/2025\/12\/imagesqtbnANd9GcS2GipCga_nzb6k-UhAwHSl5VVa-St0XHQN82erWaDarpp8Fsrrdx_5tomooEuh.jpg.webp\" alt=\"Image de Tern GSD S10 v\u00e9lo \u00e9lectrique\" title=\"\"><\/span><\/a><a class=\"source ng-star-inserted\" href=\"https:\/\/achatvelos.com\/produit\/velo-cargo-electrique-tern-gsd-s10-lr\/\" target=\"_blank\" rel=\"noopener noreferrer\"><img decoding=\"async\" class=\"favicon ng-star-inserted\" src=\"https:\/\/encrypted-tbn3.gstatic.com\/favicon-tbn?q=tbn:ANd9GcQdUdHqeyHcvb8gMQY9EsU0qo1CrvwFn1dPew7TytycURB9ojqwONzI2LeoCnyJgKt5sHEradkME6R_S_kceZKlSUIJ1J1L5XQ\" alt=\"\" title=\"\"><span class=\"label ellipsis gmat-caption\">achatvelos.com<\/span><\/a><\/div>\n<div class=\"caption ellipsis gmat-caption ng-star-inserted\" aria-hidden=\"true\">Tern GSD S10 v\u00e9lo \u00e9lectrique<\/div>\n<\/div>\n<\/div>\n<p data-sourcepos=\"30:1-30:288\">Le Tern GSD S10 est un v\u00e9lo cargo \u00e9lectrique. Il est id\u00e9al pour les familles ou les personnes qui ont besoin de transporter beaucoup de choses. Il est \u00e9quip\u00e9 d&rsquo;un moteur Bosch Cargo Line et d&rsquo;une batterie Bosch PowerTube 625 Wh. Il est robuste, pratique et offre une excellente autonomie.<\/p>\n\n<h2 class=\"wp-block-heading\">Cependant, si aucun de ces mod\u00e8les ne correspond parfaitement \u00e0 vos besoins ou si vous pr\u00e9f\u00e9rez maximiser l&rsquo;utilisation de votre v\u00e9lo actuel,<\/h2>\n<h2 class=\"wp-block-heading\"><strong><a href=\"_wp_link_placeholder\" data-wplink-edit=\"true\">les kits de conversion de Power-e-bike.fr<\/a> offrent une alternative attrayante.<\/strong><\/h2>\n \n<ul class=\"wp-block-list\">\n<li><strong>Performance et adaptabilit\u00e9 optimales :<\/strong> Les kits de Power-e-bike.fr se distinguent par leur moteur puissant et leur capacit\u00e9 \u00e0 offrir des performances \u00e9quivalentes, voire sup\u00e9rieures, \u00e0 celles des v\u00e9los \u00e9lectriques pr\u00e9-assembl\u00e9s. La polyvalence de ces kits permet de les adapter \u00e0 divers types de v\u00e9los, qu&rsquo;il s&rsquo;agisse de VTT, de v\u00e9los de ville ou autres.<\/li>\n \n<li><strong>\u00c9conomie financi\u00e8re :<\/strong> Opter pour un kit de conversion plut\u00f4t que pour l&rsquo;achat d&rsquo;un v\u00e9lo \u00e9lectrique tout pr\u00eat peut repr\u00e9senter une \u00e9conomie significative. Vous transformez votre v\u00e9lo existant en un v\u00e9lo \u00e9lectrique performant sans avoir \u00e0 investir dans un nouvel \u00e9quipement co\u00fbteux.<\/li>\n \n<li><strong>Personnalisation et conservation de votre v\u00e9lo actuel :<\/strong> La conversion avec un kit vous permet de personnaliser votre v\u00e9lo actuel selon vos besoins sp\u00e9cifiques, tout en pr\u00e9servant son cadre et ses caract\u00e9ristiques. Cela peut \u00eatre particuli\u00e8rement attrayant pour ceux qui ont un attachement \u00e0 leur v\u00e9lo actuel ou recherchent une solution sp\u00e9cifique \u00e0 moindre co\u00fbt.<\/li>\n \n<li><strong>Facilit\u00e9 d&rsquo;installation :<\/strong> Les kits de conversion de Power-e-bike.fr sont con\u00e7us pour \u00eatre relativement simples \u00e0 installer. Cette facilit\u00e9 d&rsquo;installation rend le processus de transformation de votre v\u00e9lo en un v\u00e9lo \u00e9lectrique accessible, m\u00eame pour les moins exp\u00e9riment\u00e9s.<\/li>\n<\/ul>\n<\/div>\n<\/div>\n<\/div>\n\n\n<p><\/p>","protected":false},"excerpt":{"rendered":"<p>\u00a0 Les meilleurs v\u00e9los \u00e9lectriques du moment Les v\u00e9los \u00e9lectriques sont de plus en plus populaires, et pour cause. Ils offrent une fa\u00e7on pratique et \u00e9cologique de se d\u00e9placer, tout en vous permettant de faire de l&rsquo;exercice. Si vous cherchez \u00e0 acheter un v\u00e9lo \u00e9lectrique,\u2026<\/p>","protected":false},"author":1,"featured_media":25868,"comment_status":"open","ping_status":"open","sticky":true,"template":"","format":"standard","meta":{"footnotes":""},"categories":[2,66],"tags":[39],"class_list":["post-25865","post","type-post","status-publish","format-standard","has-post-thumbnail","hentry","category-experience-utilisateurs","category-a-decouvrir","tag-velo-electrique"],"_links":{"self":[{"href":"https:\/\/www.power-e-bike.fr\/blog\/wp-json\/wp\/v2\/posts\/25865","targetHints":{"allow":["GET"]}}],"collection":[{"href":"https:\/\/www.power-e-bike.fr\/blog\/wp-json\/wp\/v2\/posts"}],"about":[{"href":"https:\/\/www.power-e-bike.fr\/blog\/wp-json\/wp\/v2\/types\/post"}],"author":[{"embeddable":true,"href":"https:\/\/www.power-e-bike.fr\/blog\/wp-json\/wp\/v2\/users\/1"}],"replies":[{"embeddable":true,"href":"https:\/\/www.power-e-bike.fr\/blog\/wp-json\/wp\/v2\/comments?post=25865"}],"version-history":[{"count":1,"href":"https:\/\/www.power-e-bike.fr\/blog\/wp-json\/wp\/v2\/posts\/25865\/revisions"}],"predecessor-version":[{"id":26364,"href":"https:\/\/www.power-e-bike.fr\/blog\/wp-json\/wp\/v2\/posts\/25865\/revisions\/26364"}],"wp:featuredmedia":[{"embeddable":true,"href":"https:\/\/www.power-e-bike.fr\/blog\/wp-json\/wp\/v2\/media\/25868"}],"wp:attachment":[{"href":"https:\/\/www.power-e-bike.fr\/blog\/wp-json\/wp\/v2\/media?parent=25865"}],"wp:term":[{"taxonomy":"category","embeddable":true,"href":"https:\/\/www.power-e-bike.fr\/blog\/wp-json\/wp\/v2\/categories?post=25865"},{"taxonomy":"post_tag","embeddable":true,"href":"https:\/\/www.power-e-bike.fr\/blog\/wp-json\/wp\/v2\/tags?post=25865"}],"curies":[{"name":"wp","href":"https:\/\/api.w.org\/{rel}","templated":true}]}}