{"id":26082,"date":"2025-09-18T06:29:18","date_gmt":"2025-09-18T04:29:18","guid":{"rendered":"https:\/\/www.power-e-bike.fr\/blog\/?p=26082"},"modified":"2025-09-18T06:29:18","modified_gmt":"2025-09-18T04:29:18","slug":"le-velo-electrique-lete-profitez-pleinement-de-la-saison-en-e-bike","status":"publish","type":"post","link":"https:\/\/www.power-e-bike.fr\/blog\/le-velo-electrique-lete-profitez-pleinement-de-la-saison-en-e-bike\/","title":{"rendered":"Le v\u00e9lo \u00e9lectrique l\u2019\u00e9t\u00e9 \u2013 Profitez pleinement de la saison en e-bike !"},"content":{"rendered":"<h1 class=\"wp-block-heading\">Le v\u00e9lo \u00e9lectrique l\u2019\u00e9t\u00e9 \u2013 Profitez pleinement de la saison en e-bike !<\/h1>\r\n\r\n\r\n\r\n<p>L\u2019\u00e9t\u00e9 est la saison id\u00e9ale pour explorer, voyager et profiter du grand air. Avec la mont\u00e9e des temp\u00e9ratures et les journ\u00e9es qui s\u2019allongent, le v\u00e9lo \u00e9lectrique devient l\u2019alli\u00e9 incontournable pour se d\u00e9placer de fa\u00e7on agr\u00e9able, \u00e9cologique et efficace. D\u00e9couvrez tous les atouts du v\u00e9lo \u00e9lectrique en \u00e9t\u00e9 et nos conseils pour en profiter en toute s\u00e9curit\u00e9 !<\/p>\r\n\r\n\r\n\r\n<h2 class=\"wp-block-heading\">Pourquoi choisir le v\u00e9lo \u00e9lectrique pendant l\u2019\u00e9t\u00e9\u00a0?<\/h2>\r\n\r\n\r\n\r\n<ul class=\"wp-block-list\">\r\n<li><strong>Libert\u00e9 et plaisir au quotidien :<\/strong> profitez du beau temps sans vous soucier de la transpiration ou de la fatigue gr\u00e2ce \u00e0 l\u2019assistance \u00e9lectrique.<\/li>\r\n<li>Explorez de nouveaux horizons\u00a0: campagne, littoral, montagne\u2026 Le e\u2011bike s\u2019adapte \u00e0 tous les terrains.<\/li>\r\n<li>\u00c9vitez les embouteillages et red\u00e9couvrez votre ville autrement.<\/li>\r\n<\/ul>\r\n\r\n\r\n\r\n<figure class=\"wp-block-image size-full\"><img loading=\"lazy\" decoding=\"async\" width=\"474\" height=\"316\" class=\"wp-image-26088\" src=\"https:\/\/www.power-e-bike.fr\/blog\/wp-content\/webp-express\/webp-images\/uploads\/2025\/06\/OIP-3.jpg.webp\" alt=\"V\u00e9lo \u00e9lectrique en \u00e9t\u00e9\" title=\"\" srcset=\"https:\/\/www.power-e-bike.fr\/blog\/wp-content\/webp-express\/webp-images\/uploads\/2025\/06\/OIP-3.jpg.webp 474w, https:\/\/www.power-e-bike.fr\/blog\/wp-content\/webp-express\/webp-images\/uploads\/2025\/06\/OIP-3-300x200.jpg.webp 300w, https:\/\/www.power-e-bike.fr\/blog\/wp-content\/webp-express\/webp-images\/uploads\/2025\/06\/OIP-3-113x75.jpg.webp 113w\" sizes=\"auto, (max-width:767px) 474px, 474px\" \/><\/figure>\r\n\r\n\r\n\r\n<h2 class=\"wp-block-heading\">Un mode de transport \u00e9cologique<\/h2>\r\n\r\n\r\n\r\n<ul class=\"wp-block-list\">\r\n<li>R\u00e9duisez votre empreinte carbone en troquant la voiture pour le v\u00e9lo \u00e9lectrique.<\/li>\r\n<li>L\u2019\u00e9t\u00e9, l\u2019impact environnemental du v\u00e9lo est encore plus faible\u00a0: moins d\u2019utilisation de la climatisation, z\u00e9ro \u00e9mission de CO\u2082.<\/li>\r\n<\/ul>\r\n\r\n\r\n\r\n<figure class=\"wp-block-image size-full\"><img loading=\"lazy\" decoding=\"async\" width=\"474\" height=\"316\" class=\"wp-image-26085\" src=\"https:\/\/www.power-e-bike.fr\/blog\/wp-content\/webp-express\/webp-images\/uploads\/2025\/06\/OIP-1.jpg.webp\" alt=\"Cycliste en nature\" title=\"\" srcset=\"https:\/\/www.power-e-bike.fr\/blog\/wp-content\/webp-express\/webp-images\/uploads\/2025\/06\/OIP-1.jpg.webp 474w, https:\/\/www.power-e-bike.fr\/blog\/wp-content\/webp-express\/webp-images\/uploads\/2025\/06\/OIP-1-300x200.jpg.webp 300w, https:\/\/www.power-e-bike.fr\/blog\/wp-content\/webp-express\/webp-images\/uploads\/2025\/06\/OIP-1-113x75.jpg.webp 113w\" sizes=\"auto, (max-width:767px) 474px, 474px\" \/><\/figure>\r\n\r\n\r\n\r\n<h2 class=\"wp-block-heading\">Sant\u00e9 et bien\u2011\u00eatre<\/h2>\r\n\r\n\r\n\r\n<ul class=\"wp-block-list\">\r\n<li>P\u00e9daler favorise une activit\u00e9 physique douce et r\u00e9guli\u00e8re.<\/li>\r\n<li>Le v\u00e9lo \u00e9lectrique permet de doser l\u2019effort, id\u00e9al en cas de fortes chaleurs.<\/li>\r\n<li>Exposition mod\u00e9r\u00e9e au soleil\u00a0: booste la vitamine D (n\u2019oubliez pas la cr\u00e8me solaire !).<\/li>\r\n<\/ul>\r\n\r\n\r\n\r\n<h2 class=\"wp-block-heading\">Conseils pour rouler en s\u00e9curit\u00e9 l\u2019\u00e9t\u00e9<\/h2>\r\n\r\n\r\n\r\n<h3 class=\"wp-block-heading\">Hydratation et protection<\/h3>\r\n\r\n\r\n\r\n<ul class=\"wp-block-list\">\r\n<li>Buvez r\u00e9guli\u00e8rement, emportez une gourde isotherme.<\/li>\r\n<li>Prot\u00e9gez-vous du soleil\u00a0: casquette sous le casque, lunettes de soleil, v\u00eatements respirants, cr\u00e8me solaire.<\/li>\r\n<\/ul>\r\n\r\n\r\n\r\n<h3 class=\"wp-block-heading\">Entretien de votre v\u00e9lo \u00e9lectrique<\/h3>\r\n\r\n\r\n\r\n<ul class=\"wp-block-list\">\r\n<li>V\u00e9rifiez la pression des pneus, surtout avec la chaleur.<\/li>\r\n<li>Nettoyez r\u00e9guli\u00e8rement la transmission (poussi\u00e8re, sable, etc.).<\/li>\r\n<li>Rangez la batterie \u00e0 l\u2019ombre lors des pauses pour \u00e9viter la surchauffe.<\/li>\r\n<\/ul>\r\n\r\n\r\n\r\n<h2 class=\"wp-block-heading\">Itin\u00e9raires et balades d\u2019\u00e9t\u00e9<\/h2>\r\n\r\n\r\n\r\n<ul class=\"wp-block-list\">\r\n<li>Privil\u00e9giez les pistes cyclables ombrag\u00e9es ou les bords d\u2019eau.<\/li>\r\n<li>Partez t\u00f4t le matin ou en fin de journ\u00e9e pour \u00e9viter les pics de chaleur.<\/li>\r\n<li>Pensez aux v\u00e9loroutes et voies vertes, parfaites pour des escapades en famille.<\/li>\r\n<\/ul>\r\n\r\n\r\n\r\n<figure class=\"wp-block-image size-full\"><img loading=\"lazy\" decoding=\"async\" width=\"474\" height=\"316\" class=\"wp-image-26086\" src=\"https:\/\/www.power-e-bike.fr\/blog\/wp-content\/webp-express\/webp-images\/uploads\/2025\/06\/OIP-2.jpg.webp\" alt=\"Parcours cyclable\" title=\"\" srcset=\"https:\/\/www.power-e-bike.fr\/blog\/wp-content\/webp-express\/webp-images\/uploads\/2025\/06\/OIP-2.jpg.webp 474w, https:\/\/www.power-e-bike.fr\/blog\/wp-content\/webp-express\/webp-images\/uploads\/2025\/06\/OIP-2-300x200.jpg.webp 300w, https:\/\/www.power-e-bike.fr\/blog\/wp-content\/webp-express\/webp-images\/uploads\/2025\/06\/OIP-2-113x75.jpg.webp 113w\" sizes=\"auto, (max-width:767px) 474px, 474px\" \/><\/figure>\r\n\r\n\r\n\r\n<h2 class=\"wp-block-heading\">Top\u00a03 des accessoires utiles l\u2019\u00e9t\u00e9 pour e\u2011bike<\/h2>\r\n\r\n\r\n\r\n<ul class=\"wp-block-list\">\r\n<li>Sacoche ou panier isotherme (pour pique-niquer partout).<\/li>\r\n<li>Support smartphone GPS.<\/li>\r\n<li>\u00c9clairage avant\/arri\u00e8re puissant (pour les retours tardifs).<\/li>\r\n<\/ul>\r\n\r\n\r\n\r\n<h2 class=\"wp-block-heading\">Conclusion<\/h2>\r\n\r\n\r\n\r\n<p>Le v\u00e9lo \u00e9lectrique est la solution parfaite pour profiter pleinement de l\u2019\u00e9t\u00e9\u00a0: mobilit\u00e9 douce, plaisir, \u00e9cologie, sant\u00e9\u2026 Tous les feux sont au vert pour (re)d\u00e9couvrir votre environnement ou partir \u00e0 l\u2019aventure. Pr\u00eat \u00e0 vivre l\u2019\u00e9t\u00e9 autrement ? Essayez le e\u2011bike !<\/p>\r\n\r\n\r\n\r\n<figure class=\"wp-block-image size-large\"><img loading=\"lazy\" decoding=\"async\" width=\"1024\" height=\"683\" class=\"wp-image-26087\" src=\"https:\/\/www.power-e-bike.fr\/blog\/wp-content\/webp-express\/webp-images\/uploads\/2025\/06\/619184-1024x683.jpg.webp\" alt=\"Cyclistes heureux en \u00e9t\u00e9\" title=\"\" srcset=\"https:\/\/www.power-e-bike.fr\/blog\/wp-content\/webp-express\/webp-images\/uploads\/2025\/06\/619184-1024x683.jpg.webp 1024w, https:\/\/www.power-e-bike.fr\/blog\/wp-content\/webp-express\/webp-images\/uploads\/2025\/06\/619184-300x200.jpg.webp 300w, https:\/\/www.power-e-bike.fr\/blog\/wp-content\/webp-express\/webp-images\/uploads\/2025\/06\/619184-768x512.jpg.webp 768w, https:\/\/www.power-e-bike.fr\/blog\/wp-content\/webp-express\/webp-images\/uploads\/2025\/06\/619184-113x75.jpg.webp 113w, https:\/\/www.power-e-bike.fr\/blog\/wp-content\/webp-express\/webp-images\/uploads\/2025\/06\/619184-480x320.jpg.webp 480w, https:\/\/www.power-e-bike.fr\/blog\/wp-content\/webp-express\/webp-images\/uploads\/2025\/06\/619184.jpg.webp 1200w\" sizes=\"auto, (max-width:767px) 480px, (max-width:1024px) 100vw, 1024px\" \/><\/figure>\r\n\r\n\r\n\r\n<p>&nbsp;<\/p>\r\n\r\n<p>&nbsp;<\/p>","protected":false},"excerpt":{"rendered":"<p>Le v\u00e9lo \u00e9lectrique l\u2019\u00e9t\u00e9 \u2013 Profitez pleinement de la saison en e-bike ! L\u2019\u00e9t\u00e9 est la saison id\u00e9ale pour explorer, voyager et profiter du grand air. Avec la mont\u00e9e des temp\u00e9ratures et les journ\u00e9es qui s\u2019allongent, le v\u00e9lo \u00e9lectrique devient l\u2019alli\u00e9 incontournable pour se d\u00e9placer\u2026<\/p>","protected":false},"author":1,"featured_media":0,"comment_status":"open","ping_status":"open","sticky":false,"template":"","format":"standard","meta":{"footnotes":""},"categories":[],"tags":[],"class_list":["post-26082","post","type-post","status-publish","format-standard","hentry"],"_links":{"self":[{"href":"https:\/\/www.power-e-bike.fr\/blog\/wp-json\/wp\/v2\/posts\/26082","targetHints":{"allow":["GET"]}}],"collection":[{"href":"https:\/\/www.power-e-bike.fr\/blog\/wp-json\/wp\/v2\/posts"}],"about":[{"href":"https:\/\/www.power-e-bike.fr\/blog\/wp-json\/wp\/v2\/types\/post"}],"author":[{"embeddable":true,"href":"https:\/\/www.power-e-bike.fr\/blog\/wp-json\/wp\/v2\/users\/1"}],"replies":[{"embeddable":true,"href":"https:\/\/www.power-e-bike.fr\/blog\/wp-json\/wp\/v2\/comments?post=26082"}],"version-history":[{"count":1,"href":"https:\/\/www.power-e-bike.fr\/blog\/wp-json\/wp\/v2\/posts\/26082\/revisions"}],"predecessor-version":[{"id":26394,"href":"https:\/\/www.power-e-bike.fr\/blog\/wp-json\/wp\/v2\/posts\/26082\/revisions\/26394"}],"wp:attachment":[{"href":"https:\/\/www.power-e-bike.fr\/blog\/wp-json\/wp\/v2\/media?parent=26082"}],"wp:term":[{"taxonomy":"category","embeddable":true,"href":"https:\/\/www.power-e-bike.fr\/blog\/wp-json\/wp\/v2\/categories?post=26082"},{"taxonomy":"post_tag","embeddable":true,"href":"https:\/\/www.power-e-bike.fr\/blog\/wp-json\/wp\/v2\/tags?post=26082"}],"curies":[{"name":"wp","href":"https:\/\/api.w.org\/{rel}","templated":true}]}}