{"id":300,"date":"2025-09-16T14:19:43","date_gmt":"2025-09-16T12:19:43","guid":{"rendered":"https:\/\/www.power-e-bike.fr\/blog\/?p=300"},"modified":"2025-09-16T14:19:43","modified_gmt":"2025-09-16T12:19:43","slug":"bons-de-reduction","status":"publish","type":"post","link":"https:\/\/www.power-e-bike.fr\/blog\/bons-de-reduction\/","title":{"rendered":"Gagner des bons de r\u00e9duction"},"content":{"rendered":"<h2>Partagez vos exp\u00e9riences avec les internautes et Gagner facilement des bons de r\u00e9duction \u00e0 valoir sur le site\u00a0 <a href=\"https:\/\/www.power-e-bike.fr\/\" target=\"_blank\" rel=\"noopener noreferrer\">power-e-bike.fr<\/a><\/h2>\n<h1><a href=\"https:\/\/www.power-e-bike.fr\/blog\/wp-content\/uploads\/2014\/01\/velo-electrique-fille-1.png\"><img loading=\"lazy\" decoding=\"async\" class=\"alignleft\" src=\"https:\/\/www.power-e-bike.fr\/blog\/wp-content\/webp-express\/webp-images\/uploads\/2014\/01\/velo-electrique-fille-1-150x150.png.webp\" alt=\"images\" width=\"150\" height=\"150\" title=\"\"><\/a><small><a href=\"https:\/\/www.power-e-bike.fr\/blog\/wp-content\/uploads\/2014\/01\/bon-achat-velo-electrique-1.jpg\"><img loading=\"lazy\" decoding=\"async\" class=\"wp-image-356 alignnone\" src=\"https:\/\/www.power-e-bike.fr\/blog\/wp-content\/webp-express\/webp-images\/uploads\/2014\/01\/bon-achat-velo-electrique-1.jpg.webp\" alt=\"bon achat v\u00e9lo \u00e9lectrique\" width=\"82\" height=\"40\" title=\"\"><\/a><a href=\"https:\/\/www.power-e-bike.fr\/blog\/wp-content\/uploads\/2014\/01\/bon-achat-velo-electrique-1.jpg\"><img loading=\"lazy\" decoding=\"async\" class=\"wp-image-358 alignnone\" src=\"https:\/\/www.power-e-bike.fr\/blog\/wp-content\/webp-express\/webp-images\/uploads\/2014\/01\/bon-achat-velo-electrique-1.jpg.webp\" alt=\"bonachat50\" width=\"110\" height=\"52\" title=\"\"><\/a><\/small><a href=\"https:\/\/www.power-e-bike.fr\/blog\/wp-content\/uploads\/2014\/01\/bon-achat-velo-electrique-1.jpg\"><img loading=\"lazy\" decoding=\"async\" class=\"wp-image-359 alignnone\" src=\"https:\/\/www.power-e-bike.fr\/blog\/wp-content\/webp-express\/webp-images\/uploads\/2014\/01\/bon-achat-velo-electrique-1.jpg.webp\" alt=\"bonachat70\" width=\"115\" height=\"55\" title=\"\"><\/a><a href=\"https:\/\/www.power-e-bike.fr\/blog\/wp-content\/uploads\/2014\/01\/bon-achat-velo-electrique-1.jpg\"><img loading=\"lazy\" decoding=\"async\" class=\"wp-image-360 alignnone\" src=\"https:\/\/www.power-e-bike.fr\/blog\/wp-content\/webp-express\/webp-images\/uploads\/2014\/01\/bon-achat-velo-electrique-1.jpg.webp\" alt=\"bonachat100\" width=\"139\" height=\"67\" title=\"\"><\/a><\/h1>\n<h1><strong>Comment faire ?<\/strong><\/h1>\n<p><strong>il vous suffit de r\u00e9diger quelques lignes en lien avec les montages et l&rsquo;utilisation de votre v\u00e9lo \u00e9lectrique<\/strong><\/p>\n<p><big> Vous trouverez des exemples (tr\u00e8s complet, il n&rsquo;est pas n\u00e9cessaire d&rsquo;en faire autant) sur le blog\u00a0 en cliquant sur les liens suivants :<\/big><\/p>\n<h2><small><strong><a href=\"https:\/\/www.power-e-bike.fr\/blog\/wp-content\/uploads\/2014\/01\/velo-electrique-fille-1.png\"><img loading=\"lazy\" decoding=\"async\" src=\"https:\/\/www.power-e-bike.fr\/blog\/wp-content\/webp-express\/webp-images\/uploads\/2014\/01\/velo-electrique-fille-1-150x150.png.webp\" alt=\"v\u00e9lo \u00e9lectrique fille\" width=\"150\" height=\"150\" title=\"\"><\/a><\/strong><\/small><a title=\"montage d'un v\u00e9lo \u00e9lectrique depuis un kit power e-bike\" href=\"https:\/\/www.power-e-bike.fr\/blog\/nine-continent-rh205-et-rockrider-6-3\/\"><big>Installation moteur rh205<\/big><\/a><\/h2>\n<h2><a href=\"https:\/\/www.power-e-bike.fr\/blog\/le-velo-electrique-elu-lidee-geniale-de-lannee\" target=\"_blank\" rel=\"noopener noreferrer\"><big>Exp\u00e9rience utilisateur<\/big><\/a><\/h2>\n<p><a href=\"https:\/\/www.power-e-bike.fr\/blog\/wp-content\/uploads\/2013\/10\/moteur-rh205-nine-continent-1.jpg\"><img loading=\"lazy\" decoding=\"async\" class=\"alignright size-thumbnail wp-image-11\" src=\"https:\/\/www.power-e-bike.fr\/blog\/wp-content\/webp-express\/webp-images\/uploads\/2013\/10\/moteur-rh205-nine-continent-1-150x150.jpg.webp\" alt=\"moteur v\u00e9lo \u00e9lectrique power e-bike\" width=\"150\" height=\"150\" title=\"\" srcset=\"https:\/\/www.power-e-bike.fr\/blog\/wp-content\/webp-express\/webp-images\/uploads\/2013\/10\/moteur-rh205-nine-continent-1-150x150.jpg.webp 150w, https:\/\/www.power-e-bike.fr\/blog\/wp-content\/webp-express\/webp-images\/uploads\/2013\/10\/moteur-rh205-nine-continent-1-300x300.jpg.webp 300w, https:\/\/www.power-e-bike.fr\/blog\/wp-content\/webp-express\/webp-images\/uploads\/2013\/10\/moteur-rh205-nine-continent-1-75x75.jpg.webp 75w, https:\/\/www.power-e-bike.fr\/blog\/wp-content\/webp-express\/webp-images\/uploads\/2013\/10\/moteur-rh205-nine-continent-1-480x480.jpg.webp 480w, https:\/\/www.power-e-bike.fr\/blog\/wp-content\/webp-express\/webp-images\/uploads\/2013\/10\/moteur-rh205-nine-continent-1-120x120.jpg.webp 120w,  https:\/\/www.power-e-bike.fr\/blog\/wp-content\/uploads\/2013\/10\/moteur-rh205-nine-continent-1.jpg 600w\" sizes=\"auto, (max-width:767px) 150px, 150px\" \/><\/a>Cet article doit \u00eatre personnel et ne sera pas accept\u00e9<\/p>\n<h3><strong><span style=\"color: #ff0000\">s&rsquo;il est issu d&rsquo;un autre \u00e9crit (ex : copie de textes r\u00e9dig\u00e9s sur internet, sur presse ou livres sp\u00e9cialis\u00e9s).<\/span><\/strong><\/h3>\n<p><big> Celui-ci doit \u00eatre r\u00e9dig\u00e9 dans un style technique dans lequel appara\u00eetront des termes en lien avec l&rsquo;utilisation ou le montage du v\u00e9lo \u00e9lectrique (ex : kit de motorisation, r\u00e9g\u00e9n\u00e9ration batterie, moteur nine continent rh112 ou rh205 r\u00e9f 6&#215;10, 7&#215;9, 8&#215;8, 9&#215;7, 10&#215;6, montage sur votre v\u00e9lo \u00e9lectrique etc&#8230;..) <\/big><\/p>\n<p><big>Vous pouvez aussi, faire le t\u00e9moignage de votre ressenti (satisfaction, appr\u00e9hensions, difficult\u00e9s, etc&#8230;)<\/big><\/p>\n<p><strong>Nous vous invitons \u00e0 nous contacter depuis les commentaires ci dessous. <\/strong><\/p>\n<p><strong>Les \u00e9crits s\u00e9lectionn\u00e9s para\u00eetront sur le blog et b\u00e9n\u00e9ficieront de bons de r\u00e9duction valables sur toutes commandes pass\u00e9es sur le site Power-E-Bike.<\/strong><\/p>","protected":false},"excerpt":{"rendered":"<p>Partagez vos exp\u00e9riences avec les internautes et Gagner facilement des bons de r\u00e9duction \u00e0 valoir sur le site\u00a0 power-e-bike.fr Comment faire ? il vous suffit de r\u00e9diger quelques lignes en lien avec les montages et l&rsquo;utilisation de votre v\u00e9lo \u00e9lectrique Vous trouverez des exemples (tr\u00e8s\u2026<\/p>","protected":false},"author":1,"featured_media":11466,"comment_status":"open","ping_status":"closed","sticky":false,"template":"","format":"standard","meta":{"footnotes":""},"categories":[4],"tags":[9,10,11,24,36,39],"class_list":["post-300","post","type-post","status-publish","format-standard","has-post-thumbnail","hentry","category-promotions","tag-bon-dachat","tag-bon-de-reduction","tag-cheque-cadeau","tag-kit-de-motorisation","tag-rh205","tag-velo-electrique"],"_links":{"self":[{"href":"https:\/\/www.power-e-bike.fr\/blog\/wp-json\/wp\/v2\/posts\/300","targetHints":{"allow":["GET"]}}],"collection":[{"href":"https:\/\/www.power-e-bike.fr\/blog\/wp-json\/wp\/v2\/posts"}],"about":[{"href":"https:\/\/www.power-e-bike.fr\/blog\/wp-json\/wp\/v2\/types\/post"}],"author":[{"embeddable":true,"href":"https:\/\/www.power-e-bike.fr\/blog\/wp-json\/wp\/v2\/users\/1"}],"replies":[{"embeddable":true,"href":"https:\/\/www.power-e-bike.fr\/blog\/wp-json\/wp\/v2\/comments?post=300"}],"version-history":[{"count":1,"href":"https:\/\/www.power-e-bike.fr\/blog\/wp-json\/wp\/v2\/posts\/300\/revisions"}],"predecessor-version":[{"id":26393,"href":"https:\/\/www.power-e-bike.fr\/blog\/wp-json\/wp\/v2\/posts\/300\/revisions\/26393"}],"wp:featuredmedia":[{"embeddable":true,"href":"https:\/\/www.power-e-bike.fr\/blog\/wp-json\/"}],"wp:attachment":[{"href":"https:\/\/www.power-e-bike.fr\/blog\/wp-json\/wp\/v2\/media?parent=300"}],"wp:term":[{"taxonomy":"category","embeddable":true,"href":"https:\/\/www.power-e-bike.fr\/blog\/wp-json\/wp\/v2\/categories?post=300"},{"taxonomy":"post_tag","embeddable":true,"href":"https:\/\/www.power-e-bike.fr\/blog\/wp-json\/wp\/v2\/tags?post=300"}],"curies":[{"name":"wp","href":"https:\/\/api.w.org\/{rel}","templated":true}]}}